{"id":198,"date":"2025-05-05T16:43:40","date_gmt":"2025-05-05T16:43:40","guid":{"rendered":"https:\/\/gordillo.eu\/?p=198"},"modified":"2025-05-16T10:12:24","modified_gmt":"2025-05-16T10:12:24","slug":"un-apagon-muy-iluminador","status":"publish","type":"post","link":"https:\/\/gordillo.eu\/index.php\/2025\/05\/05\/un-apagon-muy-iluminador\/","title":{"rendered":"Un apag\u00f3n muy iluminador"},"content":{"rendered":"\n<p><em>Luis I. Gordillo.<\/em> 5 <em>mayo 2025<\/em><\/p>\n\n\n\n<p>Opini\u00f3n. Onda Cero Euskadi. Audio disponible&nbsp;<a href=\"https:\/\/www.ondacero.es\/emisoras\/pais-vasco\/apagon-muy-iluminador_202505056818958f5d71dc778a98f9f2.html\" data-type=\"link\" data-id=\"https:\/\/www.ondacero.es\/emisoras\/pais-vasco\/manual-resistencia_2025033167ea710e7723c70001ce45bb.html\">aqu\u00ed<\/a><\/p>\n\n\n\n<figure class=\"wp-block-image is-resized\"><img loading=\"lazy\" decoding=\"async\" width=\"292\" height=\"220\" src=\"https:\/\/gordillo.eu\/wp-content\/uploads\/2024\/12\/image.png\" alt=\"\" class=\"wp-image-23\" style=\"width:110px;height:auto\"\/><\/figure>\n\n\n\n<p>El ya hist\u00f3rico apag\u00f3n de la semana pasada dej\u00f3 sin luz a millones de hogares y abri\u00f3, de golpe, un necesario debate sobre la fragilidad de nuestro sistema el\u00e9ctrico. En plena transici\u00f3n energ\u00e9tica, y con una red cada vez m\u00e1s descentralizada y compleja, la cuesti\u00f3n de fondo no es solo por qu\u00e9 ocurri\u00f3, sino si nuestro sistema est\u00e1 realmente preparado para responder con eficacia a desequilibrios bruscos. Y si no lo est\u00e1, qui\u00e9n debe asumir la responsabilidad.<\/p>\n\n\n\n<p>El sistema el\u00e9ctrico espa\u00f1ol se basa en un principio t\u00e9cnico exigente: la generaci\u00f3n debe igualar en todo momento a la demanda. No hay grandes almacenes de electricidad; cada vatio producido debe consumirse de inmediato. Esto se logra mediante un mix energ\u00e9tico diverso, donde las renovables \u2014especialmente la solar y la e\u00f3lica\u2014 tienen un papel creciente. En 2024, m\u00e1s del 56\u202f% de la electricidad generada en Espa\u00f1a fue renovable.&nbsp;<\/p>\n\n\n\n<figure class=\"wp-block-gallery has-nested-images columns-default is-cropped wp-block-gallery-1 is-layout-flex wp-block-gallery-is-layout-flex\">\n<figure class=\"wp-block-image size-large\"><img loading=\"lazy\" decoding=\"async\" width=\"1024\" height=\"683\" data-id=\"206\" src=\"https:\/\/gordillo.eu\/wp-content\/uploads\/2025\/05\/Enchufados-by-L-Gordillo-1024x683.jpg\" alt=\"\" class=\"wp-image-206\" srcset=\"https:\/\/gordillo.eu\/wp-content\/uploads\/2025\/05\/Enchufados-by-L-Gordillo-1024x683.jpg 1024w, https:\/\/gordillo.eu\/wp-content\/uploads\/2025\/05\/Enchufados-by-L-Gordillo-300x200.jpg 300w, https:\/\/gordillo.eu\/wp-content\/uploads\/2025\/05\/Enchufados-by-L-Gordillo-768x512.jpg 768w, https:\/\/gordillo.eu\/wp-content\/uploads\/2025\/05\/Enchufados-by-L-Gordillo-1200x800.jpg 1200w, https:\/\/gordillo.eu\/wp-content\/uploads\/2025\/05\/Enchufados-by-L-Gordillo.jpg 1536w\" sizes=\"auto, (max-width: 709px) 85vw, (max-width: 909px) 67vw, (max-width: 1362px) 62vw, 840px\" \/><\/figure>\n<\/figure>\n\n\n\n<p>Cuando hay un desajuste \u2014por ejemplo, un s\u00fabito aumento de producci\u00f3n solar o una p\u00e9rdida importante de viento\u2014 el sistema debe reaccionar en segundos para compensar el desequilibrio y, adem\u00e1s, manteniendo lo que se llama la inercia del sistema el\u00e9ctrico. Es decir, no solo se trata de que circule energ\u00eda por las redes de distribuci\u00f3n, sino que nuestro tendido necesita que lo haga con una determinada tensi\u00f3n, por as\u00ed decirlo. Esta inercia o tensi\u00f3n es la que aportan tambi\u00e9n fuentes estables y controlables, sobre todo la energ\u00eda nuclear, las centrales de ciclo combinado (gas natural) o la hidroel\u00e9ctrica. Son las llamadas tecnolog\u00edas de respaldo, capaces de aumentar o reducir su producci\u00f3n con cierta rapidez, si est\u00e1n preparadas para ello. Pero estas fuentes no pueden funcionar adecuadamente si no est\u00e1n bien integradas en la planificaci\u00f3n energ\u00e9tica, particularmente si sucede como pas\u00f3 en el momento del apag\u00f3n, en el que la mitad de la potencia nuclear espa\u00f1ola estaba parada sobre todo como consecuencia de la gran carga impositiva que sufren las nucleares y que ha aumentado un 71% desde 2019. Las de gas o ciclo combinado tambi\u00e9n se han visto afectadas porque la prioridad que se da a la solar y a la e\u00f3lica en el despacho de energ\u00eda, hace que las de gas operen con menos frecuencia, aumentando sus costes y cuestionando su viabilidad econ\u00f3mica.<\/p>\n\n\n\n<p>Y ah\u00ed es donde aparecen los l\u00edmites del modelo actual. Espa\u00f1a ha apostado fuerte por las renovables, pero castiga mucho a la nuclear, dificulta el funcionamiento de las de ciclo combinado y no ha desarrollado en paralelo una infraestructura de respaldo y almacenamiento suficiente. En 2021 se anunci\u00f3 que se alcanzar\u00eda una capacidad de almacenamiento de 8,3 GW, pero hoy apenas se dispone de 3,5 GW efectivos, casi todos hidroel\u00e9ctricos y construidos hace d\u00e9cadas. Pa\u00edses como Alemania, en cambio, han superado los 17 GWh en bater\u00edas, diversificando sus herramientas de flexibilidad. Esta carencia limita nuestra capacidad de respuesta cuando el sistema se ve forzado. Adem\u00e1s, sin incentivos claros ni marco normativo estable, resulta dif\u00edcil que se desarrollen nuevos proyectos de respaldo, como almacenamiento t\u00e9rmico o hidr\u00f3geno.<\/p>\n\n\n\n<p>Conviene recordar tambi\u00e9n que el sector el\u00e9ctrico espa\u00f1ol est\u00e1 fuertemente regulado. La CNMC supervisa los precios, los peajes y las condiciones del mercado. Pero el Estado no es un mero \u00e1rbitro externo, sino que el Gobierno a trav\u00e9s de la SEPI, posee un 20\u202f% del capital de Redeia, lo que le permite controlar sus decisiones en tanto que, salvo un par de participaciones significativas de un fondo americano y de Amancio Ortega, que no llegan al 10% entre ambas, hay un capital flotante superior al 70\u202f%, lo que refuerza a\u00fan m\u00e1s el peso relativo del Estado en las decisiones clave. En este contexto, el Gobierno no puede eludir su responsabilidad cuando se producen fallos estructurales en el sistema. No se trata de intervenir m\u00e1s el mercado, sino de asumir que el dise\u00f1o del sistema el\u00e9ctrico no es neutral ni espont\u00e1neo: responde a decisiones t\u00e9cnicas, jur\u00eddicas y estrat\u00e9gicas.<\/p>\n\n\n\n<p>El apag\u00f3n no fue una mera an\u00e9cdota. Ha dejado al descubierto que no basta con sumar potencia renovable al sistema, sino que hace falta ordenar, planificar y coordinar esa integraci\u00f3n con criterios t\u00e9cnicos y realistas. La transici\u00f3n energ\u00e9tica no puede basarse solo en entusiasmo pol\u00edtico o compromiso clim\u00e1tico: necesita respaldo firme, almacenamiento suficiente, estabilidad normativa y reglas claras para todos los actores.<\/p>\n\n\n\n<p>No es un problema sencillo de resolver, pero desde luego no se soluciona apuntando a culpables antes de conocer exactamente qu\u00e9 ha sucedido o eludiendo la responsabilidad pol\u00edtica a toda costa. Ahora vendr\u00e1n las demandas de las empresas afectadas, luego las quejas al regulador por parte de las el\u00e9ctricas que apenas tienen margen de maniobra y, en medio, probablemente alguna comisi\u00f3n de investigaci\u00f3n que el gobierno pretender\u00e1 eludir. El apag\u00f3n ha sido un serio aviso, pero \u00bfse dar\u00e1n por aludidos nuestros responsables?<\/p>\n","protected":false},"excerpt":{"rendered":"<p>Luis I. Gordillo. 5 mayo 2025 Opini\u00f3n. Onda Cero Euskadi. Audio disponible&nbsp;aqu\u00ed El ya hist\u00f3rico apag\u00f3n de la semana pasada dej\u00f3 sin luz a millones de hogares y abri\u00f3, de golpe, un necesario debate sobre la fragilidad de nuestro sistema el\u00e9ctrico. En plena transici\u00f3n energ\u00e9tica, y con una red cada vez m\u00e1s descentralizada y compleja, &hellip; <a href=\"https:\/\/gordillo.eu\/index.php\/2025\/05\/05\/un-apagon-muy-iluminador\/\" class=\"more-link\">Continuar leyendo<span class=\"screen-reader-text\"> \u00abUn apag\u00f3n muy iluminador\u00bb<\/span><\/a><\/p>\n","protected":false},"author":2,"featured_media":0,"comment_status":"open","ping_status":"open","sticky":false,"template":"","format":"standard","meta":{"footnotes":""},"categories":[3],"tags":[],"class_list":["post-198","post","type-post","status-publish","format-standard","hentry","category-opinion-ondacero"],"jetpack_featured_media_url":"","_links":{"self":[{"href":"https:\/\/gordillo.eu\/index.php\/wp-json\/wp\/v2\/posts\/198","targetHints":{"allow":["GET"]}}],"collection":[{"href":"https:\/\/gordillo.eu\/index.php\/wp-json\/wp\/v2\/posts"}],"about":[{"href":"https:\/\/gordillo.eu\/index.php\/wp-json\/wp\/v2\/types\/post"}],"author":[{"embeddable":true,"href":"https:\/\/gordillo.eu\/index.php\/wp-json\/wp\/v2\/users\/2"}],"replies":[{"embeddable":true,"href":"https:\/\/gordillo.eu\/index.php\/wp-json\/wp\/v2\/comments?post=198"}],"version-history":[{"count":4,"href":"https:\/\/gordillo.eu\/index.php\/wp-json\/wp\/v2\/posts\/198\/revisions"}],"predecessor-version":[{"id":216,"href":"https:\/\/gordillo.eu\/index.php\/wp-json\/wp\/v2\/posts\/198\/revisions\/216"}],"wp:attachment":[{"href":"https:\/\/gordillo.eu\/index.php\/wp-json\/wp\/v2\/media?parent=198"}],"wp:term":[{"taxonomy":"category","embeddable":true,"href":"https:\/\/gordillo.eu\/index.php\/wp-json\/wp\/v2\/categories?post=198"},{"taxonomy":"post_tag","embeddable":true,"href":"https:\/\/gordillo.eu\/index.php\/wp-json\/wp\/v2\/tags?post=198"}],"curies":[{"name":"wp","href":"https:\/\/api.w.org\/{rel}","templated":true}]}}