{"id":180,"date":"2025-03-03T15:49:00","date_gmt":"2025-03-03T15:49:00","guid":{"rendered":"https:\/\/gordillo.eu\/?p=180"},"modified":"2025-03-03T18:51:54","modified_gmt":"2025-03-03T18:51:54","slug":"la-deuda-publica-no-es-de-nadie","status":"publish","type":"post","link":"https:\/\/gordillo.eu\/index.php\/2025\/03\/03\/la-deuda-publica-no-es-de-nadie\/","title":{"rendered":"La deuda p\u00fablica no es de nadie"},"content":{"rendered":"\n<p><em>Luis I. Gordillo.<\/em> 3 <em>marzo 2025<\/em><\/p>\n\n\n\n<p>Opini\u00f3n. Onda Cero Euskadi. Audio disponible\u00a0<a href=\"https:\/\/www.ondacero.es\/emisoras\/pais-vasco\/deuda-publica-nadie_2025030367c5951dcbf1400001ba15aa.html\">aqu\u00ed<\/a><\/p>\n\n\n\n<figure class=\"wp-block-image is-resized\"><img loading=\"lazy\" decoding=\"async\" width=\"292\" height=\"220\" src=\"https:\/\/gordillo.eu\/wp-content\/uploads\/2024\/12\/image.png\" alt=\"\" class=\"wp-image-23\" style=\"width:110px;height:auto\"\/><\/figure>\n\n\n\n<p>El anuncio de la ministra Mar\u00eda Jes\u00fas Montero de la condonaci\u00f3n de m\u00e1s de 83.000 millones de deuda que tienen las Comunidades de r\u00e9gimen com\u00fan (todas menos el Pa\u00eds Vasco y Navarra) ha generado un intenso debate en Espa\u00f1a. Hay quien interpreta la medida como un alivio financiero, pero lo cierto es que esta decisi\u00f3n conlleva una serie de riesgos significativos para las finanzas p\u00fablicas y para la estabilidad econ\u00f3mica del pa\u00eds. Entre los principales peligros destacan el llamado \u201criesgo moral\u201d, la eliminaci\u00f3n de la responsabilidad de los dirigentes auton\u00f3micos, la politizaci\u00f3n del asunto y la ausencia de una soluci\u00f3n estructural al problema de la financiaci\u00f3n auton\u00f3mica.&nbsp;<\/p>\n\n\n\n<p>El <strong>riesgo moral<\/strong> se refiere a la posibilidad de que los agentes econ\u00f3micos (en este caso, los gobiernos auton\u00f3micos) relajen su comportamiento al saber que no tendr\u00e1n que asumir las consecuencias de sus actos. Si el gobierno central perdona la deuda acumulada por las administraciones auton\u00f3micas, se env\u00eda un mensaje claro: no importa cu\u00e1nto se gaste o c\u00f3mo se gestionen los recursos, ya que siempre es posible que el Gobierno central asuma la deuda y ponga el contador a cero hasta la pr\u00f3xima vez. Este precedente es extremadamente peligroso, ya que desincentiva la disciplina fiscal, la gesti\u00f3n responsable de los recursos p\u00fablicos y las reformas estructurales.<\/p>\n\n\n\n<p>Otro aspecto preocupante de la condonaci\u00f3n de la deuda es que <strong>exime de responsabilidad<\/strong> a los dirigentes auton\u00f3micos que, en muchos casos, han contribuido a la acumulaci\u00f3n de deuda mediante una gesti\u00f3n poco rigurosa de los recursos p\u00fablicos. La condonaci\u00f3n no solo premia la mala gesti\u00f3n, sino que tambi\u00e9n socava la rendici\u00f3n de cuentas, un pilar fundamental de cualquier sistema democr\u00e1tico. Por cierto, que durante el tiempo que la ahora ministra Mar\u00eda Jes\u00fas Montero fue Consejera de Hacienda de la Junta de Andaluc\u00eda (entre 2013 y 2018), esta comunidad aument\u00f3 su deuda con el Estado en 16.000 millones, que es pr\u00e1cticamente la quita que este plan prev\u00e9.&nbsp;<\/p>\n\n\n\n<p>La condonaci\u00f3n de la deuda auton\u00f3mica no es solo una cuesti\u00f3n econ\u00f3mica, sino tambi\u00e9n <strong>pol\u00edtica<\/strong>. A nadie se le escapa que esta iniciativa es consecuencia de los acuerdos que mantiene el gobierno actual con sus socios separatistas catalanes y que la Ministra Montero anunci\u00f3 esta medida a los pocos d\u00edas de proclamarse secretaria general del PSOE andaluz y candidata in pectore a la presidencia de la Junta de Andaluc\u00eda. Adem\u00e1s, esta situaci\u00f3n ya est\u00e1 generando tensiones entre dirigentes auton\u00f3micos que han llevado a cabo una gesti\u00f3n fiscal m\u00e1s rigurosa y aquellos que han tirado de deuda para cubrir incluso el gasto corriente de sus administraciones.\u00a0Esta situaci\u00f3n podr\u00eda exacerbar las divisiones territoriales y dificultar a\u00fan m\u00e1s la b\u00fasqueda de consensos en torno a la financiaci\u00f3n auton\u00f3mica. Adem\u00e1s, la condonaci\u00f3n de la deuda podr\u00eda ser percibida como un trato preferencial hacia ciertas regiones, lo que alimentar\u00eda el descontento y la desconfianza hacia las instituciones.<\/p>\n\n\n\n<p>Las agencias de calificaci\u00f3n de deuda y la propia AIREF ya han advertido de que, aunque esta quita interna no tiene impacto en las ratios de deuda soberana, es decir, se sigue debiendo lo mismo de cara al interior y al exterior, lo cierto es que env\u00eda un mensaje muy negativo porque desincentiva la prudencia fiscal y puede provocar que los mercados internacionales presten m\u00e1s caro en lo sucesivo a las autonom\u00edas espa\u00f1olas y al propio Estado. La paradoja ser\u00eda que las comunidades m\u00e1s disciplinadas fiscalmente y que se pueden financiar en los mercados privados se ver\u00edan, de rebote, afectadas por esta medida, en tanto que podr\u00edan subir el coste al que se financian.<\/p>\n\n\n\n<p>En lugar de optar por soluciones temporales, que tienden a enfrentar a los gobernantes auton\u00f3micos y a la propia opini\u00f3n p\u00fablica de estas regiones, y que parecen el producto de la necesidad de contentar a unos socios cuyas demandas parecen no tener fin, el gobierno bien har\u00eda en hacer una <strong>propuesta integral de reforma<\/strong> de la financiaci\u00f3n auton\u00f3mica que promueva la responsabilidad fiscal, la transparencia y la eficiencia en la gesti\u00f3n de los recursos p\u00fablicos. Y antes que eso quiz\u00e1 podr\u00eda empezar por presentar un proyecto de presupuestos generales del Estado\u2026 \u00bfo quiz\u00e1 los presupuestos dependan de esta condonaci\u00f3n? En poco tiempo lo sabremos.<\/p>\n","protected":false},"excerpt":{"rendered":"<p>Luis I. Gordillo. 3 marzo 2025 Opini\u00f3n. Onda Cero Euskadi. Audio disponible\u00a0aqu\u00ed El anuncio de la ministra Mar\u00eda Jes\u00fas Montero de la condonaci\u00f3n de m\u00e1s de 83.000 millones de deuda que tienen las Comunidades de r\u00e9gimen com\u00fan (todas menos el Pa\u00eds Vasco y Navarra) ha generado un intenso debate en Espa\u00f1a. Hay quien interpreta la &hellip; <a href=\"https:\/\/gordillo.eu\/index.php\/2025\/03\/03\/la-deuda-publica-no-es-de-nadie\/\" class=\"more-link\">Continuar leyendo<span class=\"screen-reader-text\"> \u00abLa deuda p\u00fablica no es de nadie\u00bb<\/span><\/a><\/p>\n","protected":false},"author":2,"featured_media":0,"comment_status":"open","ping_status":"open","sticky":false,"template":"","format":"standard","meta":{"footnotes":""},"categories":[3],"tags":[],"class_list":["post-180","post","type-post","status-publish","format-standard","hentry","category-opinion-ondacero"],"jetpack_featured_media_url":"","_links":{"self":[{"href":"https:\/\/gordillo.eu\/index.php\/wp-json\/wp\/v2\/posts\/180","targetHints":{"allow":["GET"]}}],"collection":[{"href":"https:\/\/gordillo.eu\/index.php\/wp-json\/wp\/v2\/posts"}],"about":[{"href":"https:\/\/gordillo.eu\/index.php\/wp-json\/wp\/v2\/types\/post"}],"author":[{"embeddable":true,"href":"https:\/\/gordillo.eu\/index.php\/wp-json\/wp\/v2\/users\/2"}],"replies":[{"embeddable":true,"href":"https:\/\/gordillo.eu\/index.php\/wp-json\/wp\/v2\/comments?post=180"}],"version-history":[{"count":1,"href":"https:\/\/gordillo.eu\/index.php\/wp-json\/wp\/v2\/posts\/180\/revisions"}],"predecessor-version":[{"id":181,"href":"https:\/\/gordillo.eu\/index.php\/wp-json\/wp\/v2\/posts\/180\/revisions\/181"}],"wp:attachment":[{"href":"https:\/\/gordillo.eu\/index.php\/wp-json\/wp\/v2\/media?parent=180"}],"wp:term":[{"taxonomy":"category","embeddable":true,"href":"https:\/\/gordillo.eu\/index.php\/wp-json\/wp\/v2\/categories?post=180"},{"taxonomy":"post_tag","embeddable":true,"href":"https:\/\/gordillo.eu\/index.php\/wp-json\/wp\/v2\/tags?post=180"}],"curies":[{"name":"wp","href":"https:\/\/api.w.org\/{rel}","templated":true}]}}